{"id":2196,"date":"2022-01-12T19:36:40","date_gmt":"2022-01-12T19:36:40","guid":{"rendered":"http:\/\/rdnews.al\/?p=2196"},"modified":"2022-01-12T19:36:40","modified_gmt":"2022-01-12T19:36:40","slug":"shba-e-pranon-berisha-ka-mbeshtetje-popullore","status":"publish","type":"post","link":"https:\/\/foltore.al\/index.php\/2022\/01\/12\/shba-e-pranon-berisha-ka-mbeshtetje-popullore\/","title":{"rendered":"SHBA e pranon: Berisha ka mb\u00ebshtetje popullore"},"content":{"rendered":"<p>Zv\/Ndihm\u00ebs Sekretari i Shtetit p\u00ebr Evrop\u00ebn Jugore dhe Qendrore, Gabriel Escobar, pranon se ish-kryeministri Sali Berisha ka shum\u00eb mb\u00ebshtet\u00ebs n\u00eb Shqip\u00ebri.<\/p>\n<p>Komentin e tij Escobar e b\u00ebri gjat\u00eb nj\u00eb intervist\u00eb p\u00ebr Z\u00ebrin e Amerik\u00ebs, i pyetur me insistim p\u00ebr p\u00ebrkrahjen e madhe qe ka Berisha n\u00eb radh\u00ebt e demokrat\u00ebve por edhe t\u00eb qytetar\u00ebve shqiptar\u00eb.<\/p>\n<p><strong>Pjes\u00eb nga intervista\u00a0\u00a0<\/strong><\/p>\n<p><strong>Z\u00ebri i Amerik\u00ebs:\u00a0<\/strong>Megjithat\u00eb, duket se mb\u00ebshtet\u00ebsit e tij po e p\u00ebrkrahin fuqish\u00ebm dhe duket q\u00eb ai t\u00eb ket\u00eb shum\u00eb t\u00eb till\u00eb\u2026<\/p>\n<p><strong>Gabriel Escobar:<\/strong>\u00a0Po, \u00ebsht\u00eb e mundur. Por nuk dua t\u00eb flas p\u00ebr Berish\u00ebn. Dua t\u00eb flas p\u00ebr t\u00eb ardhmen e Shqip\u00ebris\u00eb dhe t\u00eb ardhmen e marr\u00ebdh\u00ebnieve shqiptaro-amerikane.<\/p>\n<p>***<\/p>\n<p>N\u00eb k\u00ebt\u00eb intervist\u00eb Escobar d\u00ebnoi dhun\u00ebn gjat\u00eb protest\u00ebs s\u00eb 8 janarit, nd\u00ebrsa u shpreh se konfliktet zgjidhen me vot\u00eb.<\/p>\n<p>\u2018\u00cbsht\u00eb p\u00ebr t\u00eb ardhur keq q\u00eb dikush p\u00ebrdor dhun\u00ebn e jo kutit e votimit n\u00eb p\u00ebrpjekje p\u00ebr t\u00eb marr n\u00ebn kontroll nj\u00eb parti politike.<\/p>\n<p>Ne e d\u00ebnojm\u00eb k\u00ebt\u00eb. Jo \u00e7dokush q\u00eb pretendon q\u00eb \u00ebsht\u00eb an\u00ebtar i Partis\u00eb Demokratike \u00ebsht\u00eb nj\u00eb partner i r\u00ebnd\u00ebsish\u00ebm i joni tani.<\/p>\n<p>Ne do t\u00eb jemi shum\u00eb t\u00eb angazhuar n\u00eb proces, jo vet\u00ebm n\u00eb Serbie\u00a0 dhe Kosov\u00eb, por n\u00eb p\u00ebrgjith\u00ebsi n\u00eb rajon dhe jo vet\u00ebm p\u00ebr \u00e7\u00ebshtje politike, por edhe p\u00ebr \u00e7\u00ebshtje ekonomike\u2019, p\u00ebrfundoi ai.<\/p>\n","protected":false},"excerpt":{"rendered":"<p>Zv\/Ndihm\u00ebs Sekretari i Shtetit p\u00ebr Evrop\u00ebn Jugore dhe Qendrore, Gabriel Escobar, pranon se ish-kryeministri Sali Berisha ka shum\u00eb mb\u00ebshtet\u00ebs n\u00eb Shqip\u00ebri. Komentin e tij Escobar e b\u00ebri gjat\u00eb nj\u00eb intervist\u00eb p\u00ebr Z\u00ebrin e Amerik\u00ebs, i pyetur me insistim p\u00ebr p\u00ebrkrahjen e madhe qe ka Berisha n\u00eb radh\u00ebt e demokrat\u00ebve por edhe t\u00eb qytetar\u00ebve shqiptar\u00eb. Pjes\u00eb &hellip;<\/p>\n","protected":false},"author":4,"featured_media":2197,"comment_status":"open","ping_status":"open","sticky":false,"template":"","format":"standard","meta":{"om_disable_all_campaigns":false,"_monsterinsights_skip_tracking":false,"_monsterinsights_sitenote_active":false,"_monsterinsights_sitenote_note":"","_monsterinsights_sitenote_category":0,"footnotes":""},"categories":[40],"tags":[],"aioseo_notices":[],"_links":{"self":[{"href":"https:\/\/foltore.al\/index.php\/wp-json\/wp\/v2\/posts\/2196"}],"collection":[{"href":"https:\/\/foltore.al\/index.php\/wp-json\/wp\/v2\/posts"}],"about":[{"href":"https:\/\/foltore.al\/index.php\/wp-json\/wp\/v2\/types\/post"}],"author":[{"embeddable":true,"href":"https:\/\/foltore.al\/index.php\/wp-json\/wp\/v2\/users\/4"}],"replies":[{"embeddable":true,"href":"https:\/\/foltore.al\/index.php\/wp-json\/wp\/v2\/comments?post=2196"}],"version-history":[{"count":0,"href":"https:\/\/foltore.al\/index.php\/wp-json\/wp\/v2\/posts\/2196\/revisions"}],"wp:featuredmedia":[{"embeddable":true,"href":"https:\/\/foltore.al\/index.php\/wp-json\/wp\/v2\/media\/2197"}],"wp:attachment":[{"href":"https:\/\/foltore.al\/index.php\/wp-json\/wp\/v2\/media?parent=2196"}],"wp:term":[{"taxonomy":"category","embeddable":true,"href":"https:\/\/foltore.al\/index.php\/wp-json\/wp\/v2\/categories?post=2196"},{"taxonomy":"post_tag","embeddable":true,"href":"https:\/\/foltore.al\/index.php\/wp-json\/wp\/v2\/tags?post=2196"}],"curies":[{"name":"wp","href":"https:\/\/api.w.org\/{rel}","templated":true}]}}